{"id":5840,"date":"2017-03-24T14:43:14","date_gmt":"2017-03-24T13:43:14","guid":{"rendered":"https:\/\/develop.ancientandrecent.com\/?p=5840"},"modified":"2022-02-22T10:24:59","modified_gmt":"2022-02-22T09:24:59","slug":"restauro-di-ferrara-franceschini-al-salone-internazionale","status":"publish","type":"post","link":"https:\/\/develop.ancientandrecent.com\/it\/blog\/2017\/03\/24\/restauro-di-ferrara-franceschini-al-salone-internazionale\/","title":{"rendered":"Restauro di Ferrara &#8211; Franceschini al Salone Internazionale"},"content":{"rendered":"<div class=\"fusion-fullwidth fullwidth-box fusion-builder-row-1 fusion-flex-container nonhundred-percent-fullwidth non-hundred-percent-height-scrolling\" style=\"--awb-border-radius-top-left:0px;--awb-border-radius-top-right:0px;--awb-border-radius-bottom-right:0px;--awb-border-radius-bottom-left:0px;--awb-flex-wrap:wrap;\" ><div class=\"fusion-builder-row fusion-row fusion-flex-align-items-flex-start fusion-flex-content-wrap\" style=\"max-width:1456px;margin-left: calc(-4% \/ 2 );margin-right: calc(-4% \/ 2 );\"><div class=\"fusion-layout-column fusion_builder_column fusion-builder-column-0 fusion_builder_column_1_1 1_1 fusion-flex-column\" style=\"--awb-bg-size:cover;--awb-width-large:100%;--awb-margin-top-large:0px;--awb-spacing-right-large:1.92%;--awb-margin-bottom-large:0px;--awb-spacing-left-large:1.92%;--awb-width-medium:100%;--awb-order-medium:0;--awb-spacing-right-medium:1.92%;--awb-spacing-left-medium:1.92%;--awb-width-small:100%;--awb-order-small:0;--awb-spacing-right-small:1.92%;--awb-spacing-left-small:1.92%;\"><div class=\"fusion-column-wrapper fusion-column-has-shadow fusion-flex-justify-content-flex-start fusion-content-layout-column\"><h1 class=\"arPostTitle\"><strong>Restauro di Ferrara - Franceschini al Salone Internazionale<\/strong><\/h1><div class=\"fusion-text fusion-text-1\" style=\"--awb-text-transform:none;\"><p class=\"occhiello\"><strong>Il ministro in tour al Salone del Restauro di Ferrara. Sul trasloco della Pinacoteca: \u201cOttima occasione per valorizzare Castello e Diamanti\u201d<\/strong><\/p>\n<p>Dal test delle nuove tecnologie allo studio degli antichi restauri. E\u2019 un viaggio nella storia della conservazione e della valorizzazione dei beni culturali. Il ministro <strong>Dario Franceschini<\/strong>, in visita questa mattina al Salone del Restauro per chiudere la tre giorni a\u00a0<strong>Ferrara Fiere<\/strong>.<\/p>\n<p>\u201cSiamo arrivati alla 24esima edizione, ma quando siamo partiti, nel 1991, era molto pi\u00f9 difficile parlare di restauro e valorizzazione del patrimonio culturale rispetto ad oggi. Oggi c\u2019\u00e8 un clima diverso. E&#8217; cresciuta la consapevolezza sull\u2019importanza della tutela, un fattore di crescita economica intelligente che lavora sulle eccellenze italiane\u201d.<\/p>\n<p>Se la custodia dei tesori italiani \u00e8 diventata negli anni una garanzia, si deve ancora lavorare tanto sul tema della ricostruzione post sisma. \u201cQuando c\u2019\u00e8 una calamit\u00e0 naturale, inevitabilmente devasta il nostro ricco e diffuso patrimonio culturale. Basta vedere cosa \u00e8 successo in <strong>Emilia, in Umbria e ora nell\u2019Italia centrale<\/strong>\u201d. <strong>Franceschini, <\/strong>reduce da queste esperienze, dice che \u00e8 arrivato il momento di fare un passo superiore. Istituisce infatti un pezzo di Protezione Civile dedicato esclusivamente alla salvaguardia dei beni culturali.<\/p>\n<p>Un uragano di entusiasmo si sta abbattendo sui musei di tutta Italia. I dati sono straordinari. Nel 2016 abbiamo raggiunto numeri record passando da 39 milioni a 44,5 milioni di visitatori. Ma dobbiamo stare al passo con i tempi, perch\u00e9 il tipo di fruizione di questi spazi \u00e8 cambiato. La gente va al museo perch\u00e9 vuole vivere un\u2019esperienza. Per questo stiamo studiando un sistema aperto e partecipato dei musei.<\/p>\n<\/div><div class=\"fusion-title title fusion-title-1 fusion-sep-none fusion-title-text fusion-title-size-two\"><h2 class=\"fusion-title-heading title-heading-left fusion-responsive-typography-calculated\" style=\"margin:0;--fontSize:32;line-height:1;\"><h2><strong>Franceschini al Salone Internazionale a Ferrara<\/strong><\/h2><\/h2><\/div><div class=\"fusion-text fusion-text-2\" style=\"--awb-text-transform:none;\"><p>Il piano strategico del turismo non si concentra solo sulla nuova fruizione museale, ma anche sulla valorizzazione dei \u201c<strong>borghi pi\u00f9 belli d\u2019Italia<\/strong>\u201d nell\u2019anno a loro dedicato. \u201cDopo il successo dell\u2019anno nazionale dei cammini, quest\u2019anno tocca ai borghi che rappresentano un patrimonio straordinario dal punto di vista naturalistico, umano, culturale e artistico \u2013 prosegue l\u2019onorevole -. Sar\u00e0 un\u2019opportunit\u00e0 di crescita del nostro Paese per distribuire il flusso turistico dalle grandi citt\u00e0 nei borghi\u201d.<\/p>\n<p>Villaggi rurali preziosi, cos\u00ec come i gioielli estensi. Su questo punto il ministro ferrarese si lascia scucire un giudizio pi\u00f9 che positivo sul trasloco della Pinacoteca nazionale nel\u00a0<strong>Castello Estense<\/strong>: \u201cE\u2019 un\u2019operazione giusta e apprezzata, il progetto c\u2019\u00e8 ed \u00e8 gi\u00e0 finanziato. Il trasloco permettere di valorizzare tutti e due i contenitori culturali: sia il Castello, che accoglierebbe uno straordinario percorso museale, che il palazzo dei Diamanti, conosciuto come simbolo dell\u2019arte moderna ma che pu\u00f2 diventare molto di pi\u00f9, essendo unico al mondo\u201d.<\/p>\n<p>Riflessioni a livello nazionale e locale, come visto, che hanno accompagnato il tour di\u00a0<strong>Franceschini<\/strong>\u00a0tra gli stand del Salone del Restauro, accompagnato dai padroni di casa, il capo del progetto Carlo Amadori e il presidente di\u00a0<strong>Ferrara Fiere Filippo Parisini<\/strong>. Mentre gli espositori si contendono il saluto del ministro per scambiarsi strette di mano, selfie e due parole sulle proprie attivit\u00e0, lui cammina veloce per i corridoi e cerca di salutare pi\u00f9 persone possibili.<\/p>\n<\/div><div class=\"fusion-title title fusion-title-2 fusion-sep-none fusion-title-text fusion-title-size-two\"><h2 class=\"fusion-title-heading title-heading-left fusion-responsive-typography-calculated\" style=\"margin:0;--fontSize:32;line-height:1;\"><h2><strong>Ancient &amp; Recent &#8211; il Restauro di Ferrara<\/strong><\/h2><\/h2><\/div><div class=\"fusion-text fusion-text-3\" style=\"--awb-text-transform:none;\"><p>Una fermata d\u2019obbligo \u00e8 quella per provare i visori per la <strong>Realt\u00e0 Aumentata<\/strong>.\u00a0<strong>Franceschini<\/strong>\u00a0non resiste alla tentazione di provare gli\u00a0<strong>occhiali 3d<\/strong>\u00a0per vivere un\u2019esperienza virtuale nella sua seconda casa, <strong>Roma<\/strong>. I visori proposti allo stand \u201c<strong>Ancient and Recent<\/strong>\u201d del Lazio offrono infatti la possibilit\u00e0 di immergersi nell\u2019arena del\u00a0<a href=\"https:\/\/www.ancientandrecent.it\/it\/tour\/visita-guidata-colosseo-in-realta-virtuale\/\"><strong>Colosseo con la Realt\u00e0 Virtuale<\/strong><\/a>.<\/p>\n<p>Dai gladiatori capitolini all\u2019arte illuminata il passo \u00e8 breve: poco dopo, infatti, l\u2019onorevole si ferma nell\u2019area dell\u2019Opificio della Luce per sperimentare il pannello luminoso che tramite la tecnologia Lit (light in transparency) permette di cambiare la luce led dell\u2019opera a seconda degli aspetti da visualizzare. Uno speciale inchiostro \u2018invisibile\u2019, fatto di molecole nano-strutturate, che in questo caso ha irradiato la Morte di Messalina di Francesco Solimena dell\u2019inizio del \u2018700.<\/p>\n<p><a href=\"https:\/\/www.estense.com\/?p=605590\">VISITA LA NOTIZIA<\/a><\/p>\n<\/div><\/div><\/div><\/div><\/div>\n","protected":false},"excerpt":{"rendered":"","protected":false},"author":2,"featured_media":6594,"comment_status":"closed","ping_status":"open","sticky":false,"template":"","format":"standard","meta":{"footnotes":""},"categories":[2],"tags":[],"class_list":["post-5840","post","type-post","status-publish","format-standard","has-post-thumbnail","hentry","category-press"],"yoast_head":"<!-- This site is optimized with the Yoast SEO plugin v26.0 - https:\/\/yoast.com\/wordpress\/plugins\/seo\/ -->\n<title>Restauro di Ferrara - Franceschini al Salone Internazionale - Ancient and Recent<\/title>\n<meta name=\"description\" content=\"Il ministro in tour al Salone del Restauro di Ferrara. Sul trasloco della Pinacoteca: \u201cOttima occasione per valorizzare Castello e Diamanti\u201d\" \/>\n<meta name=\"robots\" content=\"index, follow, max-snippet:-1, max-image-preview:large, max-video-preview:-1\" \/>\n<link rel=\"canonical\" href=\"https:\/\/develop.ancientandrecent.com\/it\/blog\/2017\/03\/24\/restauro-di-ferrara-franceschini-al-salone-internazionale\/\" \/>\n<meta property=\"og:locale\" content=\"it_IT\" \/>\n<meta property=\"og:type\" content=\"article\" \/>\n<meta property=\"og:title\" content=\"Restauro di Ferrara - Franceschini al Salone Internazionale - Ancient and Recent\" \/>\n<meta property=\"og:description\" content=\"Il ministro in tour al Salone del Restauro di Ferrara. Sul trasloco della Pinacoteca: \u201cOttima occasione per valorizzare Castello e Diamanti\u201d\" \/>\n<meta property=\"og:url\" content=\"https:\/\/develop.ancientandrecent.com\/it\/blog\/2017\/03\/24\/restauro-di-ferrara-franceschini-al-salone-internazionale\/\" \/>\n<meta property=\"og:site_name\" content=\"Ancient and Recent\" \/>\n<meta property=\"article:published_time\" content=\"2017-03-24T13:43:14+00:00\" \/>\n<meta property=\"article:modified_time\" content=\"2022-02-22T09:24:59+00:00\" \/>\n<meta property=\"og:image\" content=\"https:\/\/develop.ancientandrecent.com\/wp-content\/uploads\/2017\/03\/restoration-of-ferrara-virtual-reality-tours-ancient-and-recent.jpg\" \/>\n\t<meta property=\"og:image:width\" content=\"980\" \/>\n\t<meta property=\"og:image:height\" content=\"630\" \/>\n\t<meta property=\"og:image:type\" content=\"image\/jpeg\" \/>\n<meta name=\"author\" content=\"Ancient and Recent\" \/>\n<meta name=\"twitter:card\" content=\"summary_large_image\" \/>\n<meta name=\"twitter:creator\" content=\"@Ancient and Recent\" \/>\n<meta name=\"twitter:label1\" content=\"Scritto da\" \/>\n\t<meta name=\"twitter:data1\" content=\"Ancient and Recent\" \/>\n\t<meta name=\"twitter:label2\" content=\"Tempo di lettura stimato\" \/>\n\t<meta name=\"twitter:data2\" content=\"5 minuti\" \/>\n<script type=\"application\/ld+json\" class=\"yoast-schema-graph\">{\"@context\":\"https:\/\/schema.org\",\"@graph\":[{\"@type\":\"Article\",\"@id\":\"https:\/\/develop.ancientandrecent.com\/it\/blog\/2017\/03\/24\/restauro-di-ferrara-franceschini-al-salone-internazionale\/#article\",\"isPartOf\":{\"@id\":\"https:\/\/develop.ancientandrecent.com\/it\/blog\/2017\/03\/24\/restauro-di-ferrara-franceschini-al-salone-internazionale\/\"},\"author\":{\"name\":\"Ancient and Recent\",\"@id\":\"https:\/\/develop.ancientandrecent.com\/it\/#\/schema\/person\/6f7070a607507c6277695e998d268c87\"},\"headline\":\"Restauro di Ferrara &#8211; Franceschini al Salone Internazionale\",\"datePublished\":\"2017-03-24T13:43:14+00:00\",\"dateModified\":\"2022-02-22T09:24:59+00:00\",\"mainEntityOfPage\":{\"@id\":\"https:\/\/develop.ancientandrecent.com\/it\/blog\/2017\/03\/24\/restauro-di-ferrara-franceschini-al-salone-internazionale\/\"},\"wordCount\":1806,\"publisher\":{\"@id\":\"https:\/\/develop.ancientandrecent.com\/it\/#organization\"},\"image\":{\"@id\":\"https:\/\/develop.ancientandrecent.com\/it\/blog\/2017\/03\/24\/restauro-di-ferrara-franceschini-al-salone-internazionale\/#primaryimage\"},\"thumbnailUrl\":\"https:\/\/develop.ancientandrecent.com\/wp-content\/uploads\/2017\/03\/restoration-of-ferrara-virtual-reality-tours-ancient-and-recent.jpg\",\"articleSection\":[\"Press\"],\"inLanguage\":\"it-IT\"},{\"@type\":\"WebPage\",\"@id\":\"https:\/\/develop.ancientandrecent.com\/it\/blog\/2017\/03\/24\/restauro-di-ferrara-franceschini-al-salone-internazionale\/\",\"url\":\"https:\/\/develop.ancientandrecent.com\/it\/blog\/2017\/03\/24\/restauro-di-ferrara-franceschini-al-salone-internazionale\/\",\"name\":\"Restauro di Ferrara - Franceschini al Salone Internazionale - Ancient and Recent\",\"isPartOf\":{\"@id\":\"https:\/\/develop.ancientandrecent.com\/it\/#website\"},\"primaryImageOfPage\":{\"@id\":\"https:\/\/develop.ancientandrecent.com\/it\/blog\/2017\/03\/24\/restauro-di-ferrara-franceschini-al-salone-internazionale\/#primaryimage\"},\"image\":{\"@id\":\"https:\/\/develop.ancientandrecent.com\/it\/blog\/2017\/03\/24\/restauro-di-ferrara-franceschini-al-salone-internazionale\/#primaryimage\"},\"thumbnailUrl\":\"https:\/\/develop.ancientandrecent.com\/wp-content\/uploads\/2017\/03\/restoration-of-ferrara-virtual-reality-tours-ancient-and-recent.jpg\",\"datePublished\":\"2017-03-24T13:43:14+00:00\",\"dateModified\":\"2022-02-22T09:24:59+00:00\",\"description\":\"Il ministro in tour al Salone del Restauro di Ferrara. Sul trasloco della Pinacoteca: \u201cOttima occasione per valorizzare Castello e Diamanti\u201d\",\"breadcrumb\":{\"@id\":\"https:\/\/develop.ancientandrecent.com\/it\/blog\/2017\/03\/24\/restauro-di-ferrara-franceschini-al-salone-internazionale\/#breadcrumb\"},\"inLanguage\":\"it-IT\",\"potentialAction\":[{\"@type\":\"ReadAction\",\"target\":[\"https:\/\/develop.ancientandrecent.com\/it\/blog\/2017\/03\/24\/restauro-di-ferrara-franceschini-al-salone-internazionale\/\"]}]},{\"@type\":\"ImageObject\",\"inLanguage\":\"it-IT\",\"@id\":\"https:\/\/develop.ancientandrecent.com\/it\/blog\/2017\/03\/24\/restauro-di-ferrara-franceschini-al-salone-internazionale\/#primaryimage\",\"url\":\"https:\/\/develop.ancientandrecent.com\/wp-content\/uploads\/2017\/03\/restoration-of-ferrara-virtual-reality-tours-ancient-and-recent.jpg\",\"contentUrl\":\"https:\/\/develop.ancientandrecent.com\/wp-content\/uploads\/2017\/03\/restoration-of-ferrara-virtual-reality-tours-ancient-and-recent.jpg\",\"width\":980,\"height\":630,\"caption\":\"restauro di ferrara tour realt\u00e0 virtuale ancient and recent\"},{\"@type\":\"BreadcrumbList\",\"@id\":\"https:\/\/develop.ancientandrecent.com\/it\/blog\/2017\/03\/24\/restauro-di-ferrara-franceschini-al-salone-internazionale\/#breadcrumb\",\"itemListElement\":[{\"@type\":\"ListItem\",\"position\":1,\"name\":\"Home\",\"item\":\"https:\/\/develop.ancientandrecent.com\/it\/\"},{\"@type\":\"ListItem\",\"position\":2,\"name\":\"Restauro di Ferrara &#8211; Franceschini al Salone Internazionale\"}]},{\"@type\":\"WebSite\",\"@id\":\"https:\/\/develop.ancientandrecent.com\/it\/#website\",\"url\":\"https:\/\/develop.ancientandrecent.com\/it\/\",\"name\":\"Ancient and Recent\",\"description\":\"Prenota Tour Attrazioni Biglietti con Realt\u00e0 Virtuale\",\"publisher\":{\"@id\":\"https:\/\/develop.ancientandrecent.com\/it\/#organization\"},\"potentialAction\":[{\"@type\":\"SearchAction\",\"target\":{\"@type\":\"EntryPoint\",\"urlTemplate\":\"https:\/\/develop.ancientandrecent.com\/it\/?s={search_term_string}\"},\"query-input\":{\"@type\":\"PropertyValueSpecification\",\"valueRequired\":true,\"valueName\":\"search_term_string\"}}],\"inLanguage\":\"it-IT\"},{\"@type\":\"Organization\",\"@id\":\"https:\/\/develop.ancientandrecent.com\/it\/#organization\",\"name\":\"Ancient and Recent\",\"url\":\"https:\/\/develop.ancientandrecent.com\/it\/\",\"logo\":{\"@type\":\"ImageObject\",\"inLanguage\":\"it-IT\",\"@id\":\"https:\/\/develop.ancientandrecent.com\/it\/#\/schema\/logo\/image\/\",\"url\":\"https:\/\/develop.ancientandrecent.com\/wp-content\/uploads\/2021\/05\/ancient-and-recent-logo-footer.png\",\"contentUrl\":\"https:\/\/develop.ancientandrecent.com\/wp-content\/uploads\/2021\/05\/ancient-and-recent-logo-footer.png\",\"width\":276,\"height\":215,\"caption\":\"Ancient and Recent\"},\"image\":{\"@id\":\"https:\/\/develop.ancientandrecent.com\/it\/#\/schema\/logo\/image\/\"}},{\"@type\":\"Person\",\"@id\":\"https:\/\/develop.ancientandrecent.com\/it\/#\/schema\/person\/6f7070a607507c6277695e998d268c87\",\"name\":\"Ancient and Recent\",\"image\":{\"@type\":\"ImageObject\",\"inLanguage\":\"it-IT\",\"@id\":\"https:\/\/develop.ancientandrecent.com\/it\/#\/schema\/person\/image\/\",\"url\":\"https:\/\/secure.gravatar.com\/avatar\/b200af1c1e89a320aa45b8178373f5a9?s=96&d=mm&r=g\",\"contentUrl\":\"https:\/\/secure.gravatar.com\/avatar\/b200af1c1e89a320aa45b8178373f5a9?s=96&d=mm&r=g\",\"caption\":\"Ancient and Recent\"},\"sameAs\":[\"https:\/\/develop.ancientandrecent.com\",\"https:\/\/x.com\/Ancient and Recent\"],\"url\":\"https:\/\/develop.ancientandrecent.com\/it\/blog\/author\/ancient-and-recent\/\"}]}<\/script>\n<!-- \/ Yoast SEO plugin. -->","yoast_head_json":{"title":"Restauro di Ferrara - Franceschini al Salone Internazionale - Ancient and Recent","description":"Il ministro in tour al Salone del Restauro di Ferrara. Sul trasloco della Pinacoteca: \u201cOttima occasione per valorizzare Castello e Diamanti\u201d","robots":{"index":"index","follow":"follow","max-snippet":"max-snippet:-1","max-image-preview":"max-image-preview:large","max-video-preview":"max-video-preview:-1"},"canonical":"https:\/\/develop.ancientandrecent.com\/it\/blog\/2017\/03\/24\/restauro-di-ferrara-franceschini-al-salone-internazionale\/","og_locale":"it_IT","og_type":"article","og_title":"Restauro di Ferrara - Franceschini al Salone Internazionale - Ancient and Recent","og_description":"Il ministro in tour al Salone del Restauro di Ferrara. Sul trasloco della Pinacoteca: \u201cOttima occasione per valorizzare Castello e Diamanti\u201d","og_url":"https:\/\/develop.ancientandrecent.com\/it\/blog\/2017\/03\/24\/restauro-di-ferrara-franceschini-al-salone-internazionale\/","og_site_name":"Ancient and Recent","article_published_time":"2017-03-24T13:43:14+00:00","article_modified_time":"2022-02-22T09:24:59+00:00","og_image":[{"width":980,"height":630,"url":"https:\/\/develop.ancientandrecent.com\/wp-content\/uploads\/2017\/03\/restoration-of-ferrara-virtual-reality-tours-ancient-and-recent.jpg","type":"image\/jpeg"}],"author":"Ancient and Recent","twitter_card":"summary_large_image","twitter_creator":"@Ancient and Recent","twitter_misc":{"Scritto da":"Ancient and Recent","Tempo di lettura stimato":"5 minuti"},"schema":{"@context":"https:\/\/schema.org","@graph":[{"@type":"Article","@id":"https:\/\/develop.ancientandrecent.com\/it\/blog\/2017\/03\/24\/restauro-di-ferrara-franceschini-al-salone-internazionale\/#article","isPartOf":{"@id":"https:\/\/develop.ancientandrecent.com\/it\/blog\/2017\/03\/24\/restauro-di-ferrara-franceschini-al-salone-internazionale\/"},"author":{"name":"Ancient and Recent","@id":"https:\/\/develop.ancientandrecent.com\/it\/#\/schema\/person\/6f7070a607507c6277695e998d268c87"},"headline":"Restauro di Ferrara &#8211; Franceschini al Salone Internazionale","datePublished":"2017-03-24T13:43:14+00:00","dateModified":"2022-02-22T09:24:59+00:00","mainEntityOfPage":{"@id":"https:\/\/develop.ancientandrecent.com\/it\/blog\/2017\/03\/24\/restauro-di-ferrara-franceschini-al-salone-internazionale\/"},"wordCount":1806,"publisher":{"@id":"https:\/\/develop.ancientandrecent.com\/it\/#organization"},"image":{"@id":"https:\/\/develop.ancientandrecent.com\/it\/blog\/2017\/03\/24\/restauro-di-ferrara-franceschini-al-salone-internazionale\/#primaryimage"},"thumbnailUrl":"https:\/\/develop.ancientandrecent.com\/wp-content\/uploads\/2017\/03\/restoration-of-ferrara-virtual-reality-tours-ancient-and-recent.jpg","articleSection":["Press"],"inLanguage":"it-IT"},{"@type":"WebPage","@id":"https:\/\/develop.ancientandrecent.com\/it\/blog\/2017\/03\/24\/restauro-di-ferrara-franceschini-al-salone-internazionale\/","url":"https:\/\/develop.ancientandrecent.com\/it\/blog\/2017\/03\/24\/restauro-di-ferrara-franceschini-al-salone-internazionale\/","name":"Restauro di Ferrara - Franceschini al Salone Internazionale - Ancient and Recent","isPartOf":{"@id":"https:\/\/develop.ancientandrecent.com\/it\/#website"},"primaryImageOfPage":{"@id":"https:\/\/develop.ancientandrecent.com\/it\/blog\/2017\/03\/24\/restauro-di-ferrara-franceschini-al-salone-internazionale\/#primaryimage"},"image":{"@id":"https:\/\/develop.ancientandrecent.com\/it\/blog\/2017\/03\/24\/restauro-di-ferrara-franceschini-al-salone-internazionale\/#primaryimage"},"thumbnailUrl":"https:\/\/develop.ancientandrecent.com\/wp-content\/uploads\/2017\/03\/restoration-of-ferrara-virtual-reality-tours-ancient-and-recent.jpg","datePublished":"2017-03-24T13:43:14+00:00","dateModified":"2022-02-22T09:24:59+00:00","description":"Il ministro in tour al Salone del Restauro di Ferrara. Sul trasloco della Pinacoteca: \u201cOttima occasione per valorizzare Castello e Diamanti\u201d","breadcrumb":{"@id":"https:\/\/develop.ancientandrecent.com\/it\/blog\/2017\/03\/24\/restauro-di-ferrara-franceschini-al-salone-internazionale\/#breadcrumb"},"inLanguage":"it-IT","potentialAction":[{"@type":"ReadAction","target":["https:\/\/develop.ancientandrecent.com\/it\/blog\/2017\/03\/24\/restauro-di-ferrara-franceschini-al-salone-internazionale\/"]}]},{"@type":"ImageObject","inLanguage":"it-IT","@id":"https:\/\/develop.ancientandrecent.com\/it\/blog\/2017\/03\/24\/restauro-di-ferrara-franceschini-al-salone-internazionale\/#primaryimage","url":"https:\/\/develop.ancientandrecent.com\/wp-content\/uploads\/2017\/03\/restoration-of-ferrara-virtual-reality-tours-ancient-and-recent.jpg","contentUrl":"https:\/\/develop.ancientandrecent.com\/wp-content\/uploads\/2017\/03\/restoration-of-ferrara-virtual-reality-tours-ancient-and-recent.jpg","width":980,"height":630,"caption":"restauro di ferrara tour realt\u00e0 virtuale ancient and recent"},{"@type":"BreadcrumbList","@id":"https:\/\/develop.ancientandrecent.com\/it\/blog\/2017\/03\/24\/restauro-di-ferrara-franceschini-al-salone-internazionale\/#breadcrumb","itemListElement":[{"@type":"ListItem","position":1,"name":"Home","item":"https:\/\/develop.ancientandrecent.com\/it\/"},{"@type":"ListItem","position":2,"name":"Restauro di Ferrara &#8211; Franceschini al Salone Internazionale"}]},{"@type":"WebSite","@id":"https:\/\/develop.ancientandrecent.com\/it\/#website","url":"https:\/\/develop.ancientandrecent.com\/it\/","name":"Ancient and Recent","description":"Prenota Tour Attrazioni Biglietti con Realt\u00e0 Virtuale","publisher":{"@id":"https:\/\/develop.ancientandrecent.com\/it\/#organization"},"potentialAction":[{"@type":"SearchAction","target":{"@type":"EntryPoint","urlTemplate":"https:\/\/develop.ancientandrecent.com\/it\/?s={search_term_string}"},"query-input":{"@type":"PropertyValueSpecification","valueRequired":true,"valueName":"search_term_string"}}],"inLanguage":"it-IT"},{"@type":"Organization","@id":"https:\/\/develop.ancientandrecent.com\/it\/#organization","name":"Ancient and Recent","url":"https:\/\/develop.ancientandrecent.com\/it\/","logo":{"@type":"ImageObject","inLanguage":"it-IT","@id":"https:\/\/develop.ancientandrecent.com\/it\/#\/schema\/logo\/image\/","url":"https:\/\/develop.ancientandrecent.com\/wp-content\/uploads\/2021\/05\/ancient-and-recent-logo-footer.png","contentUrl":"https:\/\/develop.ancientandrecent.com\/wp-content\/uploads\/2021\/05\/ancient-and-recent-logo-footer.png","width":276,"height":215,"caption":"Ancient and Recent"},"image":{"@id":"https:\/\/develop.ancientandrecent.com\/it\/#\/schema\/logo\/image\/"}},{"@type":"Person","@id":"https:\/\/develop.ancientandrecent.com\/it\/#\/schema\/person\/6f7070a607507c6277695e998d268c87","name":"Ancient and Recent","image":{"@type":"ImageObject","inLanguage":"it-IT","@id":"https:\/\/develop.ancientandrecent.com\/it\/#\/schema\/person\/image\/","url":"https:\/\/secure.gravatar.com\/avatar\/b200af1c1e89a320aa45b8178373f5a9?s=96&d=mm&r=g","contentUrl":"https:\/\/secure.gravatar.com\/avatar\/b200af1c1e89a320aa45b8178373f5a9?s=96&d=mm&r=g","caption":"Ancient and Recent"},"sameAs":["https:\/\/develop.ancientandrecent.com","https:\/\/x.com\/Ancient and Recent"],"url":"https:\/\/develop.ancientandrecent.com\/it\/blog\/author\/ancient-and-recent\/"}]}},"_links":{"self":[{"href":"https:\/\/develop.ancientandrecent.com\/it\/wp-json\/wp\/v2\/posts\/5840","targetHints":{"allow":["GET"]}}],"collection":[{"href":"https:\/\/develop.ancientandrecent.com\/it\/wp-json\/wp\/v2\/posts"}],"about":[{"href":"https:\/\/develop.ancientandrecent.com\/it\/wp-json\/wp\/v2\/types\/post"}],"author":[{"embeddable":true,"href":"https:\/\/develop.ancientandrecent.com\/it\/wp-json\/wp\/v2\/users\/2"}],"replies":[{"embeddable":true,"href":"https:\/\/develop.ancientandrecent.com\/it\/wp-json\/wp\/v2\/comments?post=5840"}],"version-history":[{"count":6,"href":"https:\/\/develop.ancientandrecent.com\/it\/wp-json\/wp\/v2\/posts\/5840\/revisions"}],"predecessor-version":[{"id":8543,"href":"https:\/\/develop.ancientandrecent.com\/it\/wp-json\/wp\/v2\/posts\/5840\/revisions\/8543"}],"wp:featuredmedia":[{"embeddable":true,"href":"https:\/\/develop.ancientandrecent.com\/it\/wp-json\/wp\/v2\/media\/6594"}],"wp:attachment":[{"href":"https:\/\/develop.ancientandrecent.com\/it\/wp-json\/wp\/v2\/media?parent=5840"}],"wp:term":[{"taxonomy":"category","embeddable":true,"href":"https:\/\/develop.ancientandrecent.com\/it\/wp-json\/wp\/v2\/categories?post=5840"},{"taxonomy":"post_tag","embeddable":true,"href":"https:\/\/develop.ancientandrecent.com\/it\/wp-json\/wp\/v2\/tags?post=5840"}],"curies":[{"name":"wp","href":"https:\/\/api.w.org\/{rel}","templated":true}]}}