{"id":5697,"date":"2018-03-20T12:15:36","date_gmt":"2018-03-20T11:15:36","guid":{"rendered":"https:\/\/develop.ancientandrecent.com\/?p=5697"},"modified":"2022-02-22T10:23:18","modified_gmt":"2022-02-22T09:23:18","slug":"giardini-farnese-palatino-repubblica","status":"publish","type":"post","link":"https:\/\/develop.ancientandrecent.com\/it\/blog\/2018\/03\/20\/giardini-farnese-palatino-repubblica\/","title":{"rendered":"Giardini Farnese Palatino: Repubblica"},"content":{"rendered":"<div class=\"fusion-fullwidth fullwidth-box fusion-builder-row-1 fusion-flex-container nonhundred-percent-fullwidth non-hundred-percent-height-scrolling\" style=\"--awb-border-radius-top-left:0px;--awb-border-radius-top-right:0px;--awb-border-radius-bottom-right:0px;--awb-border-radius-bottom-left:0px;--awb-flex-wrap:wrap;\" ><div class=\"fusion-builder-row fusion-row fusion-flex-align-items-flex-start fusion-flex-content-wrap\" style=\"max-width:1456px;margin-left: calc(-4% \/ 2 );margin-right: calc(-4% \/ 2 );\"><div class=\"fusion-layout-column fusion_builder_column fusion-builder-column-0 fusion_builder_column_1_1 1_1 fusion-flex-column\" style=\"--awb-bg-size:cover;--awb-width-large:100%;--awb-margin-top-large:0px;--awb-spacing-right-large:1.92%;--awb-margin-bottom-large:0px;--awb-spacing-left-large:1.92%;--awb-width-medium:100%;--awb-order-medium:0;--awb-spacing-right-medium:1.92%;--awb-spacing-left-medium:1.92%;--awb-width-small:100%;--awb-order-small:0;--awb-spacing-right-small:1.92%;--awb-spacing-left-small:1.92%;\"><div class=\"fusion-column-wrapper fusion-column-has-shadow fusion-flex-justify-content-flex-start fusion-content-layout-column\"><h1 class=\"arPostTitle\"><strong>Giardini Farnese Palatino<\/strong><\/h1><div class=\"fusion-text fusion-text-1\" style=\"--awb-text-transform:none;\"><p>In restauro dal 2013 i <strong>Giardini<\/strong> <strong>Farnese<\/strong> <strong>Palatino<\/strong> tornano a splendere grazie anche a una mostra che ne racconta la storia e i segreti.<\/p>\n<p>Il <strong>Colle Palatino<\/strong> svela il suo giardino segreto e con una mostra racconta gli <em>Horti Farnesiani<\/em>, uno dei luoghi pi\u00f9 celebri e simbolici della <strong>Roma<\/strong> rinascimentale e barocca. Il giardino, allestito a partire dalla met\u00e0 del Cinquecento dal cardinale Alessandro Farnese, \u00e8 protagonista di un restauro iniziato nel 2013 dalla Soprintendenza Speciale. Il progetto \u00e8 portato avanti oggi dal parco Archeologico del <strong>Colosseo.<\/strong> Riaprono al pubblico dopo oltre 30 anni le grandi uccelliere e il Ninfeo della pioggia. Tecnologie immersive raccontano le meraviglie degli <em>horti<\/em>, mentre il teatro del fontanone, una fontana che adorna la scalinata che porta in cima al Palatino, \u00e8 completamente liberato dalle incrostazioni e dalle piante.<\/p>\n<p>\u201cQuesto \u00e8 un luogo straordinario, unico al mondo, restituito al pubblico con un percorso alternativo a quello ordinario\u201d. Il direttore del Parco Archeologico, Alfonsina Russo, spiega accuratamente come l\u2019obiettivo sia la riapertura di tutti gli <em>Horti Farnesiani. <\/em>Questo \u00e8 un luogo amato anche dai protagonisti del Grand Tour, a partire da Goethe. \u201cDopo il restauro delle uccelliere, interverremo anche sul ninfeo della pioggia che adesso abbiamo soltanto messo in sicurezza. Ma abbiamo uno sponsor grazie a cui potremo restaurarlo. Poi, la prossima estate, grazie a un accordo con la sapienza , metteremo in piedi una summer school con cui inizieremo il restauro dei giardini con le piante originali\u201d. Anche la Casina Farnese verr\u00e0 riaperta, ma \u201cdovremo farlo con visite guidate di un massimo di 25 persone, perch\u00e9 ci sono problemi di accessibilit\u00e0\u201d.<\/p>\n<p>Gli <em>Horti Farnesiani<\/em> ricoprono quasi tutto il <strong>Colle Palatino<\/strong>. Ospitano oggi alcune delle specie di piante e di alberi provenienti da tutto il mondo. Visitali e ammirali in tutta la loro bellezza. Passeggia per gli h<em>orti<\/em> e ascolta il cinguettio degli uccellini.<\/p>\n<p><a href=\"https:\/\/roma.repubblica.it\/cronaca\/2018\/03\/20\/news\/roma_al_palatino_riaprono_dopo_30_anni_i_giardini_farnese-191760452\/\">VISITA LA NOTIZIA<\/a><\/p>\n<\/div><\/div><\/div><\/div><\/div>\n","protected":false},"excerpt":{"rendered":"","protected":false},"author":2,"featured_media":6576,"comment_status":"closed","ping_status":"open","sticky":false,"template":"","format":"standard","meta":{"footnotes":""},"categories":[95],"tags":[],"class_list":["post-5697","post","type-post","status-publish","format-standard","has-post-thumbnail","hentry","category-news"],"yoast_head":"<!-- This site is optimized with the Yoast SEO plugin v26.0 - https:\/\/yoast.com\/wordpress\/plugins\/seo\/ -->\n<title>Giardini Farnese Palatino: Repubblica - Ancient and Recent<\/title>\n<meta name=\"description\" content=\"In restauro dal 2013 i Giardini Farnese Palatino tornano a splendere grazie anche a una mostra che ne racconta la storia e i segreti\" \/>\n<meta name=\"robots\" content=\"index, follow, max-snippet:-1, max-image-preview:large, max-video-preview:-1\" \/>\n<link rel=\"canonical\" href=\"https:\/\/develop.ancientandrecent.com\/it\/blog\/2018\/03\/20\/giardini-farnese-palatino-repubblica\/\" \/>\n<meta property=\"og:locale\" content=\"it_IT\" \/>\n<meta property=\"og:type\" content=\"article\" \/>\n<meta property=\"og:title\" content=\"Giardini Farnese Palatino: Repubblica - Ancient and Recent\" \/>\n<meta property=\"og:description\" content=\"In restauro dal 2013 i Giardini Farnese Palatino tornano a splendere grazie anche a una mostra che ne racconta la storia e i segreti\" \/>\n<meta property=\"og:url\" content=\"https:\/\/develop.ancientandrecent.com\/it\/blog\/2018\/03\/20\/giardini-farnese-palatino-repubblica\/\" \/>\n<meta property=\"og:site_name\" content=\"Ancient and Recent\" \/>\n<meta property=\"article:published_time\" content=\"2018-03-20T11:15:36+00:00\" \/>\n<meta property=\"article:modified_time\" content=\"2022-02-22T09:23:18+00:00\" \/>\n<meta property=\"og:image\" content=\"https:\/\/develop.ancientandrecent.com\/wp-content\/uploads\/2018\/03\/farnese-palatine-gardens-virtual-reality-tours-ancient-and-recent.jpg\" \/>\n\t<meta property=\"og:image:width\" content=\"980\" \/>\n\t<meta property=\"og:image:height\" content=\"630\" \/>\n\t<meta property=\"og:image:type\" content=\"image\/jpeg\" \/>\n<meta name=\"author\" content=\"Ancient and Recent\" \/>\n<meta name=\"twitter:card\" content=\"summary_large_image\" \/>\n<meta name=\"twitter:creator\" content=\"@Ancient and Recent\" \/>\n<meta name=\"twitter:label1\" content=\"Scritto da\" \/>\n\t<meta name=\"twitter:data1\" content=\"Ancient and Recent\" \/>\n\t<meta name=\"twitter:label2\" content=\"Tempo di lettura stimato\" \/>\n\t<meta name=\"twitter:data2\" content=\"5 minuti\" \/>\n<script type=\"application\/ld+json\" class=\"yoast-schema-graph\">{\"@context\":\"https:\/\/schema.org\",\"@graph\":[{\"@type\":\"Article\",\"@id\":\"https:\/\/develop.ancientandrecent.com\/it\/blog\/2018\/03\/20\/giardini-farnese-palatino-repubblica\/#article\",\"isPartOf\":{\"@id\":\"https:\/\/develop.ancientandrecent.com\/it\/blog\/2018\/03\/20\/giardini-farnese-palatino-repubblica\/\"},\"author\":{\"name\":\"Ancient and Recent\",\"@id\":\"https:\/\/develop.ancientandrecent.com\/it\/#\/schema\/person\/6f7070a607507c6277695e998d268c87\"},\"headline\":\"Giardini Farnese Palatino: Repubblica\",\"datePublished\":\"2018-03-20T11:15:36+00:00\",\"dateModified\":\"2022-02-22T09:23:18+00:00\",\"mainEntityOfPage\":{\"@id\":\"https:\/\/develop.ancientandrecent.com\/it\/blog\/2018\/03\/20\/giardini-farnese-palatino-repubblica\/\"},\"wordCount\":941,\"publisher\":{\"@id\":\"https:\/\/develop.ancientandrecent.com\/it\/#organization\"},\"image\":{\"@id\":\"https:\/\/develop.ancientandrecent.com\/it\/blog\/2018\/03\/20\/giardini-farnese-palatino-repubblica\/#primaryimage\"},\"thumbnailUrl\":\"https:\/\/develop.ancientandrecent.com\/wp-content\/uploads\/2018\/03\/farnese-palatine-gardens-virtual-reality-tours-ancient-and-recent.jpg\",\"articleSection\":[\"News\"],\"inLanguage\":\"it-IT\"},{\"@type\":\"WebPage\",\"@id\":\"https:\/\/develop.ancientandrecent.com\/it\/blog\/2018\/03\/20\/giardini-farnese-palatino-repubblica\/\",\"url\":\"https:\/\/develop.ancientandrecent.com\/it\/blog\/2018\/03\/20\/giardini-farnese-palatino-repubblica\/\",\"name\":\"Giardini Farnese Palatino: Repubblica - Ancient and Recent\",\"isPartOf\":{\"@id\":\"https:\/\/develop.ancientandrecent.com\/it\/#website\"},\"primaryImageOfPage\":{\"@id\":\"https:\/\/develop.ancientandrecent.com\/it\/blog\/2018\/03\/20\/giardini-farnese-palatino-repubblica\/#primaryimage\"},\"image\":{\"@id\":\"https:\/\/develop.ancientandrecent.com\/it\/blog\/2018\/03\/20\/giardini-farnese-palatino-repubblica\/#primaryimage\"},\"thumbnailUrl\":\"https:\/\/develop.ancientandrecent.com\/wp-content\/uploads\/2018\/03\/farnese-palatine-gardens-virtual-reality-tours-ancient-and-recent.jpg\",\"datePublished\":\"2018-03-20T11:15:36+00:00\",\"dateModified\":\"2022-02-22T09:23:18+00:00\",\"description\":\"In restauro dal 2013 i Giardini Farnese Palatino tornano a splendere grazie anche a una mostra che ne racconta la storia e i segreti\",\"breadcrumb\":{\"@id\":\"https:\/\/develop.ancientandrecent.com\/it\/blog\/2018\/03\/20\/giardini-farnese-palatino-repubblica\/#breadcrumb\"},\"inLanguage\":\"it-IT\",\"potentialAction\":[{\"@type\":\"ReadAction\",\"target\":[\"https:\/\/develop.ancientandrecent.com\/it\/blog\/2018\/03\/20\/giardini-farnese-palatino-repubblica\/\"]}]},{\"@type\":\"ImageObject\",\"inLanguage\":\"it-IT\",\"@id\":\"https:\/\/develop.ancientandrecent.com\/it\/blog\/2018\/03\/20\/giardini-farnese-palatino-repubblica\/#primaryimage\",\"url\":\"https:\/\/develop.ancientandrecent.com\/wp-content\/uploads\/2018\/03\/farnese-palatine-gardens-virtual-reality-tours-ancient-and-recent.jpg\",\"contentUrl\":\"https:\/\/develop.ancientandrecent.com\/wp-content\/uploads\/2018\/03\/farnese-palatine-gardens-virtual-reality-tours-ancient-and-recent.jpg\",\"width\":980,\"height\":630,\"caption\":\"giardini farnese palatino tour realt\u00e0 virtuale ancient and recent\"},{\"@type\":\"BreadcrumbList\",\"@id\":\"https:\/\/develop.ancientandrecent.com\/it\/blog\/2018\/03\/20\/giardini-farnese-palatino-repubblica\/#breadcrumb\",\"itemListElement\":[{\"@type\":\"ListItem\",\"position\":1,\"name\":\"Home\",\"item\":\"https:\/\/develop.ancientandrecent.com\/it\/\"},{\"@type\":\"ListItem\",\"position\":2,\"name\":\"Giardini Farnese Palatino: Repubblica\"}]},{\"@type\":\"WebSite\",\"@id\":\"https:\/\/develop.ancientandrecent.com\/it\/#website\",\"url\":\"https:\/\/develop.ancientandrecent.com\/it\/\",\"name\":\"Ancient and Recent\",\"description\":\"Prenota Tour Attrazioni Biglietti con Realt\u00e0 Virtuale\",\"publisher\":{\"@id\":\"https:\/\/develop.ancientandrecent.com\/it\/#organization\"},\"potentialAction\":[{\"@type\":\"SearchAction\",\"target\":{\"@type\":\"EntryPoint\",\"urlTemplate\":\"https:\/\/develop.ancientandrecent.com\/it\/?s={search_term_string}\"},\"query-input\":{\"@type\":\"PropertyValueSpecification\",\"valueRequired\":true,\"valueName\":\"search_term_string\"}}],\"inLanguage\":\"it-IT\"},{\"@type\":\"Organization\",\"@id\":\"https:\/\/develop.ancientandrecent.com\/it\/#organization\",\"name\":\"Ancient and Recent\",\"url\":\"https:\/\/develop.ancientandrecent.com\/it\/\",\"logo\":{\"@type\":\"ImageObject\",\"inLanguage\":\"it-IT\",\"@id\":\"https:\/\/develop.ancientandrecent.com\/it\/#\/schema\/logo\/image\/\",\"url\":\"https:\/\/develop.ancientandrecent.com\/wp-content\/uploads\/2021\/05\/ancient-and-recent-logo-footer.png\",\"contentUrl\":\"https:\/\/develop.ancientandrecent.com\/wp-content\/uploads\/2021\/05\/ancient-and-recent-logo-footer.png\",\"width\":276,\"height\":215,\"caption\":\"Ancient and Recent\"},\"image\":{\"@id\":\"https:\/\/develop.ancientandrecent.com\/it\/#\/schema\/logo\/image\/\"}},{\"@type\":\"Person\",\"@id\":\"https:\/\/develop.ancientandrecent.com\/it\/#\/schema\/person\/6f7070a607507c6277695e998d268c87\",\"name\":\"Ancient and Recent\",\"image\":{\"@type\":\"ImageObject\",\"inLanguage\":\"it-IT\",\"@id\":\"https:\/\/develop.ancientandrecent.com\/it\/#\/schema\/person\/image\/\",\"url\":\"https:\/\/secure.gravatar.com\/avatar\/b200af1c1e89a320aa45b8178373f5a9?s=96&d=mm&r=g\",\"contentUrl\":\"https:\/\/secure.gravatar.com\/avatar\/b200af1c1e89a320aa45b8178373f5a9?s=96&d=mm&r=g\",\"caption\":\"Ancient and Recent\"},\"sameAs\":[\"https:\/\/develop.ancientandrecent.com\",\"https:\/\/x.com\/Ancient and Recent\"],\"url\":\"https:\/\/develop.ancientandrecent.com\/it\/blog\/author\/ancient-and-recent\/\"}]}<\/script>\n<!-- \/ Yoast SEO plugin. -->","yoast_head_json":{"title":"Giardini Farnese Palatino: Repubblica - Ancient and Recent","description":"In restauro dal 2013 i Giardini Farnese Palatino tornano a splendere grazie anche a una mostra che ne racconta la storia e i segreti","robots":{"index":"index","follow":"follow","max-snippet":"max-snippet:-1","max-image-preview":"max-image-preview:large","max-video-preview":"max-video-preview:-1"},"canonical":"https:\/\/develop.ancientandrecent.com\/it\/blog\/2018\/03\/20\/giardini-farnese-palatino-repubblica\/","og_locale":"it_IT","og_type":"article","og_title":"Giardini Farnese Palatino: Repubblica - Ancient and Recent","og_description":"In restauro dal 2013 i Giardini Farnese Palatino tornano a splendere grazie anche a una mostra che ne racconta la storia e i segreti","og_url":"https:\/\/develop.ancientandrecent.com\/it\/blog\/2018\/03\/20\/giardini-farnese-palatino-repubblica\/","og_site_name":"Ancient and Recent","article_published_time":"2018-03-20T11:15:36+00:00","article_modified_time":"2022-02-22T09:23:18+00:00","og_image":[{"width":980,"height":630,"url":"https:\/\/develop.ancientandrecent.com\/wp-content\/uploads\/2018\/03\/farnese-palatine-gardens-virtual-reality-tours-ancient-and-recent.jpg","type":"image\/jpeg"}],"author":"Ancient and Recent","twitter_card":"summary_large_image","twitter_creator":"@Ancient and Recent","twitter_misc":{"Scritto da":"Ancient and Recent","Tempo di lettura stimato":"5 minuti"},"schema":{"@context":"https:\/\/schema.org","@graph":[{"@type":"Article","@id":"https:\/\/develop.ancientandrecent.com\/it\/blog\/2018\/03\/20\/giardini-farnese-palatino-repubblica\/#article","isPartOf":{"@id":"https:\/\/develop.ancientandrecent.com\/it\/blog\/2018\/03\/20\/giardini-farnese-palatino-repubblica\/"},"author":{"name":"Ancient and Recent","@id":"https:\/\/develop.ancientandrecent.com\/it\/#\/schema\/person\/6f7070a607507c6277695e998d268c87"},"headline":"Giardini Farnese Palatino: Repubblica","datePublished":"2018-03-20T11:15:36+00:00","dateModified":"2022-02-22T09:23:18+00:00","mainEntityOfPage":{"@id":"https:\/\/develop.ancientandrecent.com\/it\/blog\/2018\/03\/20\/giardini-farnese-palatino-repubblica\/"},"wordCount":941,"publisher":{"@id":"https:\/\/develop.ancientandrecent.com\/it\/#organization"},"image":{"@id":"https:\/\/develop.ancientandrecent.com\/it\/blog\/2018\/03\/20\/giardini-farnese-palatino-repubblica\/#primaryimage"},"thumbnailUrl":"https:\/\/develop.ancientandrecent.com\/wp-content\/uploads\/2018\/03\/farnese-palatine-gardens-virtual-reality-tours-ancient-and-recent.jpg","articleSection":["News"],"inLanguage":"it-IT"},{"@type":"WebPage","@id":"https:\/\/develop.ancientandrecent.com\/it\/blog\/2018\/03\/20\/giardini-farnese-palatino-repubblica\/","url":"https:\/\/develop.ancientandrecent.com\/it\/blog\/2018\/03\/20\/giardini-farnese-palatino-repubblica\/","name":"Giardini Farnese Palatino: Repubblica - Ancient and Recent","isPartOf":{"@id":"https:\/\/develop.ancientandrecent.com\/it\/#website"},"primaryImageOfPage":{"@id":"https:\/\/develop.ancientandrecent.com\/it\/blog\/2018\/03\/20\/giardini-farnese-palatino-repubblica\/#primaryimage"},"image":{"@id":"https:\/\/develop.ancientandrecent.com\/it\/blog\/2018\/03\/20\/giardini-farnese-palatino-repubblica\/#primaryimage"},"thumbnailUrl":"https:\/\/develop.ancientandrecent.com\/wp-content\/uploads\/2018\/03\/farnese-palatine-gardens-virtual-reality-tours-ancient-and-recent.jpg","datePublished":"2018-03-20T11:15:36+00:00","dateModified":"2022-02-22T09:23:18+00:00","description":"In restauro dal 2013 i Giardini Farnese Palatino tornano a splendere grazie anche a una mostra che ne racconta la storia e i segreti","breadcrumb":{"@id":"https:\/\/develop.ancientandrecent.com\/it\/blog\/2018\/03\/20\/giardini-farnese-palatino-repubblica\/#breadcrumb"},"inLanguage":"it-IT","potentialAction":[{"@type":"ReadAction","target":["https:\/\/develop.ancientandrecent.com\/it\/blog\/2018\/03\/20\/giardini-farnese-palatino-repubblica\/"]}]},{"@type":"ImageObject","inLanguage":"it-IT","@id":"https:\/\/develop.ancientandrecent.com\/it\/blog\/2018\/03\/20\/giardini-farnese-palatino-repubblica\/#primaryimage","url":"https:\/\/develop.ancientandrecent.com\/wp-content\/uploads\/2018\/03\/farnese-palatine-gardens-virtual-reality-tours-ancient-and-recent.jpg","contentUrl":"https:\/\/develop.ancientandrecent.com\/wp-content\/uploads\/2018\/03\/farnese-palatine-gardens-virtual-reality-tours-ancient-and-recent.jpg","width":980,"height":630,"caption":"giardini farnese palatino tour realt\u00e0 virtuale ancient and recent"},{"@type":"BreadcrumbList","@id":"https:\/\/develop.ancientandrecent.com\/it\/blog\/2018\/03\/20\/giardini-farnese-palatino-repubblica\/#breadcrumb","itemListElement":[{"@type":"ListItem","position":1,"name":"Home","item":"https:\/\/develop.ancientandrecent.com\/it\/"},{"@type":"ListItem","position":2,"name":"Giardini Farnese Palatino: Repubblica"}]},{"@type":"WebSite","@id":"https:\/\/develop.ancientandrecent.com\/it\/#website","url":"https:\/\/develop.ancientandrecent.com\/it\/","name":"Ancient and Recent","description":"Prenota Tour Attrazioni Biglietti con Realt\u00e0 Virtuale","publisher":{"@id":"https:\/\/develop.ancientandrecent.com\/it\/#organization"},"potentialAction":[{"@type":"SearchAction","target":{"@type":"EntryPoint","urlTemplate":"https:\/\/develop.ancientandrecent.com\/it\/?s={search_term_string}"},"query-input":{"@type":"PropertyValueSpecification","valueRequired":true,"valueName":"search_term_string"}}],"inLanguage":"it-IT"},{"@type":"Organization","@id":"https:\/\/develop.ancientandrecent.com\/it\/#organization","name":"Ancient and Recent","url":"https:\/\/develop.ancientandrecent.com\/it\/","logo":{"@type":"ImageObject","inLanguage":"it-IT","@id":"https:\/\/develop.ancientandrecent.com\/it\/#\/schema\/logo\/image\/","url":"https:\/\/develop.ancientandrecent.com\/wp-content\/uploads\/2021\/05\/ancient-and-recent-logo-footer.png","contentUrl":"https:\/\/develop.ancientandrecent.com\/wp-content\/uploads\/2021\/05\/ancient-and-recent-logo-footer.png","width":276,"height":215,"caption":"Ancient and Recent"},"image":{"@id":"https:\/\/develop.ancientandrecent.com\/it\/#\/schema\/logo\/image\/"}},{"@type":"Person","@id":"https:\/\/develop.ancientandrecent.com\/it\/#\/schema\/person\/6f7070a607507c6277695e998d268c87","name":"Ancient and Recent","image":{"@type":"ImageObject","inLanguage":"it-IT","@id":"https:\/\/develop.ancientandrecent.com\/it\/#\/schema\/person\/image\/","url":"https:\/\/secure.gravatar.com\/avatar\/b200af1c1e89a320aa45b8178373f5a9?s=96&d=mm&r=g","contentUrl":"https:\/\/secure.gravatar.com\/avatar\/b200af1c1e89a320aa45b8178373f5a9?s=96&d=mm&r=g","caption":"Ancient and Recent"},"sameAs":["https:\/\/develop.ancientandrecent.com","https:\/\/x.com\/Ancient and Recent"],"url":"https:\/\/develop.ancientandrecent.com\/it\/blog\/author\/ancient-and-recent\/"}]}},"_links":{"self":[{"href":"https:\/\/develop.ancientandrecent.com\/it\/wp-json\/wp\/v2\/posts\/5697","targetHints":{"allow":["GET"]}}],"collection":[{"href":"https:\/\/develop.ancientandrecent.com\/it\/wp-json\/wp\/v2\/posts"}],"about":[{"href":"https:\/\/develop.ancientandrecent.com\/it\/wp-json\/wp\/v2\/types\/post"}],"author":[{"embeddable":true,"href":"https:\/\/develop.ancientandrecent.com\/it\/wp-json\/wp\/v2\/users\/2"}],"replies":[{"embeddable":true,"href":"https:\/\/develop.ancientandrecent.com\/it\/wp-json\/wp\/v2\/comments?post=5697"}],"version-history":[{"count":8,"href":"https:\/\/develop.ancientandrecent.com\/it\/wp-json\/wp\/v2\/posts\/5697\/revisions"}],"predecessor-version":[{"id":8523,"href":"https:\/\/develop.ancientandrecent.com\/it\/wp-json\/wp\/v2\/posts\/5697\/revisions\/8523"}],"wp:featuredmedia":[{"embeddable":true,"href":"https:\/\/develop.ancientandrecent.com\/it\/wp-json\/wp\/v2\/media\/6576"}],"wp:attachment":[{"href":"https:\/\/develop.ancientandrecent.com\/it\/wp-json\/wp\/v2\/media?parent=5697"}],"wp:term":[{"taxonomy":"category","embeddable":true,"href":"https:\/\/develop.ancientandrecent.com\/it\/wp-json\/wp\/v2\/categories?post=5697"},{"taxonomy":"post_tag","embeddable":true,"href":"https:\/\/develop.ancientandrecent.com\/it\/wp-json\/wp\/v2\/tags?post=5697"}],"curies":[{"name":"wp","href":"https:\/\/api.w.org\/{rel}","templated":true}]}}